[{"@context":"https:\/\/schema.org\/","@type":"Article","@id":"https:\/\/www.twino.cz\/tricka-ktera-se-hodi-jak-pro-bezne-noseni-tak-i-pro-prezentaci-vasi-firmy\/#Article","mainEntityOfPage":"https:\/\/www.twino.cz\/tricka-ktera-se-hodi-jak-pro-bezne-noseni-tak-i-pro-prezentaci-vasi-firmy\/","headline":"Tri\u010dka, kter\u00e1 se hod\u00ed jak pro b\u011b\u017en\u00e9 no\u0161en\u00ed, tak i pro prezentaci Va\u0161\u00ed firmy","name":"Tri\u010dka, kter\u00e1 se hod\u00ed jak pro b\u011b\u017en\u00e9 no\u0161en\u00ed, tak i pro prezentaci Va\u0161\u00ed firmy","description":"Nav\u0161tivte n\u00e1\u0161 velkoobchod, kter\u00fd se zam\u011b\u0159uje p\u0159edev\u0161\u00edm na reklamn\u00ed textil. Na\u0161e tri\u010dka jsou velmi vhodn\u00e1 k p\u0159id\u011bl\u00e1n\u00ed n\u00e1\u0161ivky \u010di potisku. D\u00edky tomu m\u016f\u017eete m\u00edt doma origin\u00e1ln\u00ed kousky oble\u010den\u00ed z kvalitn\u00edch materi\u00e1l\u016f a nemus\u00edte se b\u00e1t, \u017ee n\u011bkdo bude m\u00edt stejn\u00e9 tri\u010dko jako vy. Bu\u010fte stylov\u00ed a origin\u00e1ln\u00ed i vy! Tri\u010dka jsou a v\u017edy budou \u017e\u00e1dan\u00fdm... &raquo; <a class=\"read-more-link\" href=\"https:\/\/www.twino.cz\/tricka-ktera-se-hodi-jak-pro-bezne-noseni-tak-i-pro-prezentaci-vasi-firmy\/\">read more<\/a>","datePublished":"2025-01-19","dateModified":"2025-01-19","author":{"@type":"Person","@id":"https:\/\/www.twino.cz\/author\/#Person","name":"","url":"https:\/\/www.twino.cz\/author\/","identifier":1,"image":{"@type":"ImageObject","@id":"https:\/\/secure.gravatar.com\/avatar\/8e6cbe5510d042e6a0b15162e198f2fd22eed76a4b5a1734d2174c652daccabc?s=96&d=mm&r=g","url":"https:\/\/secure.gravatar.com\/avatar\/8e6cbe5510d042e6a0b15162e198f2fd22eed76a4b5a1734d2174c652daccabc?s=96&d=mm&r=g","height":96,"width":96}},"publisher":{"@type":"Organization","name":"twino.cz","logo":{"@type":"ImageObject","@id":"\/logo.png","url":"\/logo.png","width":600,"height":60}},"url":"https:\/\/www.twino.cz\/tricka-ktera-se-hodi-jak-pro-bezne-noseni-tak-i-pro-prezentaci-vasi-firmy\/","wordCount":190,"articleBody":"Nav\u0161tivte n\u00e1\u0161 velkoobchod, kter\u00fd se zam\u011b\u0159uje p\u0159edev\u0161\u00edm na reklamn\u00ed textil. Na\u0161e tri\u010dka jsou velmi vhodn\u00e1 k p\u0159id\u011bl\u00e1n\u00ed n\u00e1\u0161ivky \u010di potisku. D\u00edky tomu m\u016f\u017eete m\u00edt doma origin\u00e1ln\u00ed kousky oble\u010den\u00ed z kvalitn\u00edch materi\u00e1l\u016f a nemus\u00edte se b\u00e1t, \u017ee n\u011bkdo bude m\u00edt stejn\u00e9 tri\u010dko jako vy. Bu\u010fte stylov\u00ed a origin\u00e1ln\u00ed i vy! Tri\u010dka jsou a v\u017edy budou \u017e\u00e1dan\u00fdm zbo\u017e\u00edm. Proto pokud jste se pustil do podnik\u00e1n\u00ed v tomto oboru, dovolujeme si v\u00e1m nab\u00eddnout mo\u017enost koup\u011b tri\u010dek od na\u0161\u00ed firmy. Jeliko\u017e jsou vhodn\u00e1 k potisku, m\u016f\u017eete si vytvo\u0159it vlastn\u00ed s\u00e9rii tri\u010dek a uvid\u00edte, jak se z\u00e1kazn\u00edci jen pohrnou. Zaj\u00edmav\u00fd outfit Ka\u017ed\u00fd z n\u00e1s by cht\u011bl zaj\u00edmav\u00fd a origin\u00e1ln\u00ed outfit, ale t\u011b\u017eko se to spl\u0148uje. Av\u0161ak na\u0161e tri\u010dka jsou zde pro v\u00e1s! M\u016f\u017eete si nechat potisknout podle vlastn\u00edho vkusu a t\u00edm p\u00e1dem budete m\u00edt doma jedin\u00fd origin\u00e1l.                                                                                                                                                                                                                                                                                                                                                                                                "},{"@context":"https:\/\/schema.org\/","@type":"BreadcrumbList","itemListElement":[{"@type":"ListItem","position":1,"name":"Tri\u010dka, kter\u00e1 se hod\u00ed jak pro b\u011b\u017en\u00e9 no\u0161en\u00ed, tak i pro prezentaci Va\u0161\u00ed firmy","item":"https:\/\/www.twino.cz\/tricka-ktera-se-hodi-jak-pro-bezne-noseni-tak-i-pro-prezentaci-vasi-firmy\/#breadcrumbitem"}]}]