[{"@context":"https:\/\/schema.org\/","@type":"Article","@id":"https:\/\/www.twino.cz\/krasna-s-kolagenem\/#Article","mainEntityOfPage":"https:\/\/www.twino.cz\/krasna-s-kolagenem\/","headline":"Kr\u00e1sn\u00e1 s kolagenem","name":"Kr\u00e1sn\u00e1 s kolagenem","description":"Pat\u0159\u00edm k t\u011bm lidem, kte\u0159\u00ed o sebe d\u00edvaj\u00ed a cht\u011bj\u00ed vypadat skv\u011ble, a to opravdu v ka\u017ed\u00e9 situaci. A jsem takov\u00e1, \u017ee opravdu d\u00e1m na kr\u00e1su. A nejenom na tu vn\u011bj\u0161\u00ed kr\u00e1su. Proto\u017ee pro m\u011b velice d\u016fle\u017eit\u00e1 taky ta vnit\u0159n\u00ed. Proto taky pravideln\u011b u\u017e\u00edv\u00e1m kolagen. Kolagen beru jako nutnost pro kr\u00e1su. A podle m\u00e9ho n\u00e1zoru... &raquo; <a class=\"read-more-link\" href=\"https:\/\/www.twino.cz\/krasna-s-kolagenem\/\">read more<\/a>","datePublished":"2022-12-27","dateModified":"2023-05-02","author":{"@type":"Person","@id":"https:\/\/www.twino.cz\/author\/#Person","name":"","url":"https:\/\/www.twino.cz\/author\/","identifier":1,"image":{"@type":"ImageObject","@id":"https:\/\/secure.gravatar.com\/avatar\/8e6cbe5510d042e6a0b15162e198f2fd22eed76a4b5a1734d2174c652daccabc?s=96&d=mm&r=g","url":"https:\/\/secure.gravatar.com\/avatar\/8e6cbe5510d042e6a0b15162e198f2fd22eed76a4b5a1734d2174c652daccabc?s=96&d=mm&r=g","height":96,"width":96}},"publisher":{"@type":"Organization","name":"twino.cz","logo":{"@type":"ImageObject","@id":"\/logo.png","url":"\/logo.png","width":600,"height":60}},"image":{"@type":"ImageObject","@id":"https:\/\/www.twino.cz\/wp-content\/uploads\/makeup-brushes-1761648_960_720_1.jpg","url":"https:\/\/www.twino.cz\/wp-content\/uploads\/makeup-brushes-1761648_960_720_1.jpg","height":0,"width":0},"url":"https:\/\/www.twino.cz\/krasna-s-kolagenem\/","about":["Zbo\u017e\u00ed"],"wordCount":422,"articleBody":"       Pat\u0159\u00edm k t\u011bm lidem, kte\u0159\u00ed o sebe d\u00edvaj\u00ed a cht\u011bj\u00ed vypadat skv\u011ble, a to opravdu v ka\u017ed\u00e9 situaci. A jsem takov\u00e1, \u017ee opravdu d\u00e1m na kr\u00e1su. A nejenom na tu vn\u011bj\u0161\u00ed kr\u00e1su. Proto\u017ee pro m\u011b velice d\u016fle\u017eit\u00e1 taky ta vnit\u0159n\u00ed. Proto taky pravideln\u011b u\u017e\u00edv\u00e1m kolagen. Kolagen beru jako nutnost pro kr\u00e1su. A podle m\u00e9ho n\u00e1zoru by kolagen m\u011bla u\u017e\u00edvat opravdu ka\u017ed\u00e1 \u017eena, kter\u00e9 u\u017e bylo dvacet p\u011bt let. Proto\u017ee kolem dvac\u00e1t\u00e9ho p\u00e1t\u00e9ho roku \u017eivota u\u017e k\u016f\u017ee povoluje a u\u017e t\u011blo nezvl\u00e1d\u00e1 vyr\u00e1b\u011bt tolik pot\u0159ebn\u00e9ho kolagenu. A nemyslete si, \u017ee kolagen je perfektn\u00ed jenom pro \u017eeny, aby byly dlouho kr\u00e1sn\u00e9 a mlad\u00e9 a pomalu st\u00e1rly a m\u011bly ple\u0165 bez vr\u00e1sek. Tohle nen\u00ed v\u016fbec \u017e\u00e1dn\u00e1 pravda. Samoz\u0159ejm\u011b, \u017ee hlavn\u011b kolagen by m\u011bla u\u017e\u00edvat \u017eena, aby byla st\u00e1le kr\u00e1sn\u00e1. Ale kolagen, kter\u00fd se\u017eenete na takov\u00e9 str\u00e1nce orcacollagen.cz, je hlavn\u011b d\u016fle\u017eit\u00fd taky pro tvorbu kvality \u0161lach a kost\u00ed a taky kloub\u016f. Pokud v\u00e1s bol\u00ed klouby, je opravdu na m\u00edst\u011b u\u017e\u00edvat kolagen. A tohle nen\u00ed jenom pr\u00e1v\u011b \u017eeny. Kolagen je zcela norm\u00e1ln\u00ed, jenom\u017ee postupem \u010dasu si ho t\u011blo u\u017e neum\u00ed vyr\u00e1b\u011bt samo v dostate\u010dn\u00e9m mno\u017estv\u00ed. Tak\u017ee pokud i p\u00e1nov\u00e9 c\u00edt\u00ed pot\u0159ebu u\u017e\u00edvat kolagen, tak a\u0165 to d\u011blaj\u00ed. Proto\u017ee na tom nen\u00ed opravdu nic \u0161patn\u00e9ho. A \u010dlov\u011bk, kter\u00fd u\u017e\u00edv\u00e1 opravdu pravideln\u011b a poctiv\u00e9 kolagen, tak bude vypadat l\u00e9pe a bude samoz\u0159ejm\u011b zdrav\u011bj\u0161\u00ed a nebudou ho tak moc bolet klouby. D\u00edky kvalitn\u00edmu a dostatku kolagenu v t\u011ble je k\u016f\u017ee pevn\u011bj\u0161\u00ed a v\u00edce pru\u017en\u00e1, tak\u017ee taky odol\u00e1v\u00e1 v\u00edce v\u011bku a nebude tak rychle st\u00e1rnout, jako kdyby \u010dlov\u011bk kolagen v\u016fbec nebral. Tak co, p\u0159esv\u011bd\u010dila jsem v\u00e1s o kolagenu pro \u017eeny? Pokud ano, tak je je\u0161t\u011b na v\u00e1s, abyste si sami vybrali to, jak budete kolagen u\u017e\u00edvat. M\u016f\u017eete ho u\u017e\u00edvat jak v tabletk\u00e1ch, tak taky jako pr\u00e1\u0161ek. J\u00e1 u\u017e\u00edv\u00e1m kombinaci oboj\u00ed a taky pou\u017e\u00edv\u00e1m kr\u00e9my s kolagenem. A pokud chcete b\u00fdt dlouho sv\u011b\u017e\u00ed a aktivn\u00ed, tak v\u00e1m kolagen pro \u017eeny jist\u011b doporu\u010duji.                                                                                                                                                                                                                                                                                                                                                                                           4.5\/5 - (6 votes)        "},{"@context":"https:\/\/schema.org\/","@type":"BreadcrumbList","itemListElement":[{"@type":"ListItem","position":1,"name":"Kr\u00e1sn\u00e1 s kolagenem","item":"https:\/\/www.twino.cz\/krasna-s-kolagenem\/#breadcrumbitem"}]}]